{"id":1327,"date":"2018-03-07T11:02:37","date_gmt":"2018-03-07T10:02:37","guid":{"rendered":"http:\/\/unsa-korian.com\/?p=1327"},"modified":"2018-03-07T11:02:37","modified_gmt":"2018-03-07T10:02:37","slug":"manifestation-du-15-mars-2018-que-faire","status":"publish","type":"post","link":"http:\/\/unsa-korian.com\/index.php\/2018\/03\/07\/manifestation-du-15-mars-2018-que-faire\/","title":{"rendered":"Manifestation du 15 mars 2018 : Que faire ?"},"content":{"rendered":"<p>Le Pr\u00e9sident de la R\u00e9publique a \u00e9t\u00e9 destinataire d\u2019un courrier envoy\u00e9 par l\u2019ensemble des centrales syndicales afin de r\u00e9clamer plus de moyen pour la profession. Ce courrier n\u2019a malheureusement pas re\u00e7u l\u2019\u00e9cho souhait\u00e9 par les syndicats.<\/p>\n<p>Une deuxi\u00e8me manifestation est donc organis\u00e9e par les organisations syndicales du secteur. Cet appel \u00e0 manifester est pr\u00e9cis\u00e9ment dirig\u00e9 contre la politique\u00a0 du gouvernement et\u00a0 sur le manque de moyens octroy\u00e9s aux maisons de retraite.<\/p>\n<p><strong><em>\u00ab\u00a0Est-ce que je peux manifester\u00a0?\u00a0\u00bb<\/em><\/strong><\/p>\n<p>Nous avons tous fait le choix de l\u2019UNSA pour une raison essentielle\u00a0: <strong>l\u2019Autonomie.<\/strong><\/p>\n<p>Les autres syndicats ont d\u00e9cid\u00e9 de d\u00e9tourner les revendications initiales et en profitent pour manifester contre KORIAN. Ne nous trompons-pas de combat\u00a0! En effet, le dialogue social reste ouvert au sein de notre entreprise et nous avons r\u00e9ussi \u00e0 faire entendre \u00e0 plusieurs reprises nos revendications<\/p>\n<p>Nous laissons donc \u00e0 chacun la libert\u00e9 d\u2019aller ou non manifester. En effet, nous sommes plus que jamais attach\u00e9s \u00e0 cette libert\u00e9 de penser que les autres syndicats ont confisqu\u00e9 \u00e0 leurs adh\u00e9rents.<\/p>\n<p><a href=\"http:\/\/unsa-korian.com\/wp-content\/uploads\/2018\/03\/unsa-manif.jpg\"><img decoding=\"async\" loading=\"lazy\" class=\"size-full wp-image-1329 aligncenter\" src=\"http:\/\/unsa-korian.com\/wp-content\/uploads\/2018\/03\/unsa-manif.jpg\" alt=\"\" width=\"298\" height=\"169\" \/><\/a><\/p>\n<p><strong><em>\u00ab\u00a0Comment manifester\u00a0?\u00a0\u00bb<\/em><\/strong><\/p>\n<p>Vous souhaitez vous associer \u00e0 ce mouvement\u00a0: plusieurs possibilit\u00e9s s\u2019offrent \u00e0 vous\u00a0:<\/p>\n<p>Vous pouvez <strong>porter un brassard<\/strong> au sein de votre \u00e9tablissement\u00a0: Cela t\u00e9moigne de votre soutien et vous \u00e9vite une perte de salaire.<\/p>\n<p>Vous pouvez \u00e9galement faire le choix de vous <strong>joindre \u00e0 cette manifestation <\/strong>et donc d\u2019opter pour la gr\u00e8ve \u00e0 l\u2019ext\u00e9rieur.\u00a0<strong>Attention\u00a0!<\/strong> Nous vous rappelons que cela implique forc\u00e9ment une perte de salaire en fonction de votre temps d\u2019absence.<\/p>\n<p>Pour ceux qui veulent <strong>d\u00e9brayer au sein de leur \u00e9tablissement<\/strong>, il leur sera \u00e9galement d\u00e9compt\u00e9 le temps du d\u00e9brayage. Par exemple\u00a0: un d\u00e9brayage de 15 minutes = 15 minutes de salaire en moins.<\/p>\n<p><strong><em>\u00ab\u00a0Comment peut-on se procurer du mat\u00e9riel\u00a0?\u00a0\u00bb<\/em><\/strong><\/p>\n<p>N&rsquo;h\u00e9sitez-pas \u00e0 contacter votre UD pour le pr\u00eat de mat\u00e9riel. <strong>La<\/strong>\u00a0<strong>Liste des UD est disponible sur <span style=\"color: #0000ff;\"><a style=\"color: #0000ff;\" href=\"http:\/\/www.unsa.org\/?page=ud-liste\">unsa.org<\/a><\/span><\/strong><\/p>\n<p>&nbsp;<\/p>\n","protected":false},"excerpt":{"rendered":"<p>Le Pr\u00e9sident de la R\u00e9publique a \u00e9t\u00e9 destinataire d\u2019un courrier envoy\u00e9 par l\u2019ensemble des centrales syndicales afin de r\u00e9clamer plus de moyen pour la profession. Ce courrier n\u2019a malheureusement pas re\u00e7u l\u2019\u00e9cho souhait\u00e9 par les syndicats. Une deuxi\u00e8me manifestation est donc organis\u00e9e par les organisations syndicales du secteur. Cet appel \u00e0 manifester est pr\u00e9cis\u00e9ment dirig\u00e9<\/p>\n<p><a class=\"more-link\" href=\"http:\/\/unsa-korian.com\/index.php\/2018\/03\/07\/manifestation-du-15-mars-2018-que-faire\/\">Read more &#8250;<\/a><\/p>\n","protected":false},"author":1,"featured_media":0,"comment_status":"open","ping_status":"open","sticky":false,"template":"","format":"standard","meta":{"_mi_skip_tracking":false},"categories":[1],"tags":[89,88,21],"_links":{"self":[{"href":"http:\/\/unsa-korian.com\/index.php\/wp-json\/wp\/v2\/posts\/1327"}],"collection":[{"href":"http:\/\/unsa-korian.com\/index.php\/wp-json\/wp\/v2\/posts"}],"about":[{"href":"http:\/\/unsa-korian.com\/index.php\/wp-json\/wp\/v2\/types\/post"}],"author":[{"embeddable":true,"href":"http:\/\/unsa-korian.com\/index.php\/wp-json\/wp\/v2\/users\/1"}],"replies":[{"embeddable":true,"href":"http:\/\/unsa-korian.com\/index.php\/wp-json\/wp\/v2\/comments?post=1327"}],"version-history":[{"count":2,"href":"http:\/\/unsa-korian.com\/index.php\/wp-json\/wp\/v2\/posts\/1327\/revisions"}],"predecessor-version":[{"id":1330,"href":"http:\/\/unsa-korian.com\/index.php\/wp-json\/wp\/v2\/posts\/1327\/revisions\/1330"}],"wp:attachment":[{"href":"http:\/\/unsa-korian.com\/index.php\/wp-json\/wp\/v2\/media?parent=1327"}],"wp:term":[{"taxonomy":"category","embeddable":true,"href":"http:\/\/unsa-korian.com\/index.php\/wp-json\/wp\/v2\/categories?post=1327"},{"taxonomy":"post_tag","embeddable":true,"href":"http:\/\/unsa-korian.com\/index.php\/wp-json\/wp\/v2\/tags?post=1327"}],"curies":[{"name":"wp","href":"https:\/\/api.w.org\/{rel}","templated":true}]}}