{"id":1394,"date":"2018-11-07T08:24:33","date_gmt":"2018-11-07T07:24:33","guid":{"rendered":"http:\/\/unsa-korian.com\/?p=1394"},"modified":"2018-11-15T17:01:19","modified_gmt":"2018-11-15T16:01:19","slug":"le-president-du-groupe-parlementaire-lrem-repond-a-lunsa-korian","status":"publish","type":"post","link":"http:\/\/unsa-korian.com\/index.php\/2018\/11\/07\/le-president-du-groupe-parlementaire-lrem-repond-a-lunsa-korian\/","title":{"rendered":"Le Pr\u00e9sident du Groupe Parlementaire LREM R\u00e9pond \u00e0 l&rsquo;UNSA KORIAN"},"content":{"rendered":"<p>La mobilisation de l&rsquo;UNSA KORIAN a \u00e9t\u00e9 enti\u00e8re sur le dossier de la fiscalisation des \u0153uvres sociales des CE \/ CSE.<\/p>\n<p>En effet, nous avons interpell\u00e9 tous les <strong>Pr\u00e9sidents des Groupes Parlementaires \u00e0 l&rsquo;Assembl\u00e9e Nationale<\/strong>, tous <strong>les D\u00e9put\u00e9s qui si\u00e8gent \u00e0 la Commission des Affaires Sociales<\/strong> mais aussi les <strong>Pr\u00e9sidents de Groupes au S\u00e9nat <\/strong>et bien \u00e9videmment les leaders<strong> des grandes formations politiques d&rsquo;opposition (Laurent Wauquiez, Jean-Luc M\u00e9lenchon, Jean-Christophe Lagarde&#8230;).\u00a0<\/strong><\/p>\n<p><strong>Monsieur Gilles LE GENDRE, Pr\u00e9sident du Groupe La R\u00e9publique en Marche<\/strong>, nous a r\u00e9pondu. Voici un extrait de sa r\u00e9ponse : \u00ab\u00a0<span style=\"color: #000080;\"><em>Comme vous l\u2019avez vu, cet amendement partait d\u2019une bonne intention : s\u00e9curiser la situation fiscale de l\u2019\u00e9crasante majorit\u00e9 des interventions des comit\u00e9s d\u2019entreprises et sanctionner les cas ultra-minoritaires o\u00f9 les entreprises s\u2019en servent comme d\u2019un salaire d\u00e9guis\u00e9.<\/em><\/span><br \/>\n<span style=\"color: #000080;\"><em>Le gouvernement et la majorit\u00e9 ont \u00e9t\u00e9 tr\u00e8s clairs : <strong>nous ne maintiendrons pas cette disposition dans le budget 2019 dans la mesure o\u00f9 il aurait un impact n\u00e9gatif sur le pouvoir d\u2019achat des salari\u00e9s<\/strong><\/em>. (&#8230;)\u00a0\u00bb<\/span>.<\/p>\n<p>Cette r\u00e9ponse va ind\u00e9niablement dans le bon sens et l\u00e8ve d\u00e9finitivement le doute sur la volont\u00e9 de taxer le pouvoir d&rsquo;achat des salari\u00e9s b\u00e9n\u00e9ficiant d&rsquo;un CE \/ CSE. Nous ne pouvons que nous f\u00e9liciter d&rsquo;une telle d\u00e9cision.<\/p>\n<p>Nous tenons \u00e9galement \u00e0 vous remercier, toutes et tous, pour votre formidable mobilisation. En effet, nous avons recueilli pr\u00e8s de <strong>1500 signatures de soutien<\/strong> et ce en moins de 4 jours !.<\/p>\n","protected":false},"excerpt":{"rendered":"<p>La mobilisation de l&rsquo;UNSA KORIAN a \u00e9t\u00e9 enti\u00e8re sur le dossier de la fiscalisation des \u0153uvres sociales des CE \/ CSE. En effet, nous avons interpell\u00e9 tous les Pr\u00e9sidents des Groupes Parlementaires \u00e0 l&rsquo;Assembl\u00e9e Nationale, tous les D\u00e9put\u00e9s qui si\u00e8gent \u00e0 la Commission des Affaires Sociales mais aussi les Pr\u00e9sidents de Groupes au S\u00e9nat et<\/p>\n<p><a class=\"more-link\" href=\"http:\/\/unsa-korian.com\/index.php\/2018\/11\/07\/le-president-du-groupe-parlementaire-lrem-repond-a-lunsa-korian\/\">Read more &#8250;<\/a><\/p>\n","protected":false},"author":1,"featured_media":0,"comment_status":"open","ping_status":"open","sticky":false,"template":"","format":"standard","meta":{"_mi_skip_tracking":false},"categories":[1],"tags":[],"_links":{"self":[{"href":"http:\/\/unsa-korian.com\/index.php\/wp-json\/wp\/v2\/posts\/1394"}],"collection":[{"href":"http:\/\/unsa-korian.com\/index.php\/wp-json\/wp\/v2\/posts"}],"about":[{"href":"http:\/\/unsa-korian.com\/index.php\/wp-json\/wp\/v2\/types\/post"}],"author":[{"embeddable":true,"href":"http:\/\/unsa-korian.com\/index.php\/wp-json\/wp\/v2\/users\/1"}],"replies":[{"embeddable":true,"href":"http:\/\/unsa-korian.com\/index.php\/wp-json\/wp\/v2\/comments?post=1394"}],"version-history":[{"count":7,"href":"http:\/\/unsa-korian.com\/index.php\/wp-json\/wp\/v2\/posts\/1394\/revisions"}],"predecessor-version":[{"id":1402,"href":"http:\/\/unsa-korian.com\/index.php\/wp-json\/wp\/v2\/posts\/1394\/revisions\/1402"}],"wp:attachment":[{"href":"http:\/\/unsa-korian.com\/index.php\/wp-json\/wp\/v2\/media?parent=1394"}],"wp:term":[{"taxonomy":"category","embeddable":true,"href":"http:\/\/unsa-korian.com\/index.php\/wp-json\/wp\/v2\/categories?post=1394"},{"taxonomy":"post_tag","embeddable":true,"href":"http:\/\/unsa-korian.com\/index.php\/wp-json\/wp\/v2\/tags?post=1394"}],"curies":[{"name":"wp","href":"https:\/\/api.w.org\/{rel}","templated":true}]}}