{"id":1442,"date":"2019-01-12T16:13:06","date_gmt":"2019-01-12T15:13:06","guid":{"rendered":"http:\/\/unsa-korian.com\/?p=1442"},"modified":"2019-01-14T16:47:59","modified_gmt":"2019-01-14T15:47:59","slug":"tout-savoir-sur-la-prime-dactivite","status":"publish","type":"post","link":"http:\/\/unsa-korian.com\/index.php\/2019\/01\/12\/tout-savoir-sur-la-prime-dactivite\/","title":{"rendered":"Tout savoir sur la prime d\u2019activit\u00e9\u2026."},"content":{"rendered":"<p>Vous en avez beaucoup entendu parler ces derni\u00e8res semaines mais vous ne savez toujours pas en quoi consiste la prime d\u2019activit\u00e9. Pas d&rsquo;inqui\u00e9tudes&#8230;Vous allez tout savoir sur cette disposition qui existe depuis le 1er janvier 2016\u2026<\/p>\n<p><span style=\"color: #3366ff;\"><strong>Quelles sont les conditions ?<\/strong><\/span><br \/>\nPour b\u00e9n\u00e9ficier de la prime d&rsquo;activit\u00e9, l&rsquo;allocataire ne doit pas d\u00e9passer un certain montant de revenus. Ces plafonds de ressources varient selon les situations :<br \/>\no 1 500 \u20ac pour une personne seule,<br \/>\no 2 200 \u20ac pour un couple sans enfant dans lequel un seul membre de la famille travaille,<br \/>\no 2 200 \u20ac pour un parent isol\u00e9 avec enfant,<br \/>\no 2 900 \u20ac pour un couple de deux enfants dont les deux parents ont un emploi.<\/p>\n<p>Il y a bien \u00e9videmment des conditions pour la percevoir :<\/p>\n<ul>\n<li>\u00catre \u00e2g\u00e9 d\u2019au moins 18 ans<\/li>\n<li>\u00catre de nationalit\u00e9 fran\u00e7aise ou de nationalit\u00e9 \u00e9trang\u00e8re r\u00e9sidant en France \u00e0 condition d\u2019\u00eatre titulaire d\u2019une carte de r\u00e9sident ou un titre de s\u00e9jour, ou \u00eatre ressortissant de l\u2019Espace \u00c9conomique Europ\u00e9en,<\/li>\n<li>R\u00e9sider en France m\u00e9tropolitaine ou dans les DOM,<\/li>\n<li>Percevoir des revenus d\u2019activit\u00e9 en respectant les plafonds fix\u00e9s selon la composition familiale,<\/li>\n<li>Les \u00e9tudiants et les apprentis respectant les conditions cit\u00e9es ci-dessus peuvent \u00e9galement pr\u00e9tendre \u00e0 la prime activit\u00e9.<\/li>\n<\/ul>\n<p><span style=\"color: #3366ff;\"><strong>Quel est le montant de la prime d\u2019activit\u00e9 ?<\/strong><\/span><br \/>\nSon montant d\u00e9pend des ressources de votre foyer mais aussi de sa composition c\u2019est-\u00e0-dire si vous \u00eates mari\u00e9(e)-Pacs\u00e9(e) ou c\u00e9libataire, et que vous avez des enfants ou pas.<br \/>\nLes ressources prises en compte pour le calcul de la prime activit\u00e9 sont les suivants :<\/p>\n<ul>\n<li>Les revenus professionnels<\/li>\n<li>Les allocations de remplacement telles que l\u2019allocation de retour \u00e0 l\u2019emploi (l\u2019ARE), les indemnit\u00e9s journali\u00e8res \u2026<\/li>\n<li>Les aides sociales telles que les allocations logement, les allocations familiales (voir ici), \u2026<\/li>\n<li>Les revenus du patrimoine ou des capitaux<\/li>\n<\/ul>\n<p style=\"text-align: left;\">En r\u00e9sum\u00e9, le montant de la prime d\u2019activit\u00e9 d\u00e9pend de <strong>votre situation familiale et des plafonds de ressources<\/strong> (allocation logement incluse)). Pour savoir de fa\u00e7on pr\u00e9cise si vous respectez les plafonds en vigueur, il est fortement conseill\u00e9 de faire une simulation sur le site de la CAF :<\/p>\n<h2 style=\"text-align: center;\"><a href=\"https:\/\/wwwd.caf.fr\/wps\/portal\/caffr\/simulateurpa\/\"><span style=\"color: #00ccff;\"><em><strong>https:\/\/wwwd.caf.fr\/wps\/portal\/caffr\/simulateurpa\/<\/strong><\/em><\/span><\/a><\/h2>\n<p>KORIAN met \u00e9galement en place une <strong>hotline<\/strong> pour vous renseigner sur vos droits (Cette hotline n&rsquo;est disponible que pour les collaborateurs KORIAN) :<\/p>\n<h2 style=\"text-align: center;\"><span style=\"color: #00ccff;\"><strong>06.69.67.20.37 du lundi au vendredi de 9h \u00e0 17h<\/strong><\/span><\/h2>\n<p style=\"text-align: left;\">Ce service est assur\u00e9 par des travailleurs sociaux soumis au secret professionnel.<\/p>\n<p><span style=\"color: #3366ff;\"><strong>Est-ce que c\u2019est KORIAN qui verse la prime d\u2019activit\u00e9 ?<\/strong><\/span><br \/>\nLa prime est vers\u00e9e mensuellement (le 5 de chaque mois) par la Caisse d\u2019Allocations Familiales par p\u00e9riode de 3 mois. Au terme des 3 mois, si vous remplissez encore les conditions d\u2019\u00e9ligibilit\u00e9, vous la percevez de nouveau pour une p\u00e9riode de 3 mois et ainsi de suite\u2026.<\/p>\n","protected":false},"excerpt":{"rendered":"<p>Vous en avez beaucoup entendu parler ces derni\u00e8res semaines mais vous ne savez toujours pas en quoi consiste la prime d\u2019activit\u00e9. Pas d&rsquo;inqui\u00e9tudes&#8230;Vous allez tout savoir sur cette disposition qui existe depuis le 1er janvier 2016\u2026 Quelles sont les conditions ? Pour b\u00e9n\u00e9ficier de la prime d&rsquo;activit\u00e9, l&rsquo;allocataire ne doit pas d\u00e9passer un certain montant<\/p>\n<p><a class=\"more-link\" href=\"http:\/\/unsa-korian.com\/index.php\/2019\/01\/12\/tout-savoir-sur-la-prime-dactivite\/\">Read more &#8250;<\/a><\/p>\n","protected":false},"author":1,"featured_media":0,"comment_status":"open","ping_status":"open","sticky":false,"template":"","format":"standard","meta":{"_mi_skip_tracking":false},"categories":[1],"tags":[100],"_links":{"self":[{"href":"http:\/\/unsa-korian.com\/index.php\/wp-json\/wp\/v2\/posts\/1442"}],"collection":[{"href":"http:\/\/unsa-korian.com\/index.php\/wp-json\/wp\/v2\/posts"}],"about":[{"href":"http:\/\/unsa-korian.com\/index.php\/wp-json\/wp\/v2\/types\/post"}],"author":[{"embeddable":true,"href":"http:\/\/unsa-korian.com\/index.php\/wp-json\/wp\/v2\/users\/1"}],"replies":[{"embeddable":true,"href":"http:\/\/unsa-korian.com\/index.php\/wp-json\/wp\/v2\/comments?post=1442"}],"version-history":[{"count":4,"href":"http:\/\/unsa-korian.com\/index.php\/wp-json\/wp\/v2\/posts\/1442\/revisions"}],"predecessor-version":[{"id":1448,"href":"http:\/\/unsa-korian.com\/index.php\/wp-json\/wp\/v2\/posts\/1442\/revisions\/1448"}],"wp:attachment":[{"href":"http:\/\/unsa-korian.com\/index.php\/wp-json\/wp\/v2\/media?parent=1442"}],"wp:term":[{"taxonomy":"category","embeddable":true,"href":"http:\/\/unsa-korian.com\/index.php\/wp-json\/wp\/v2\/categories?post=1442"},{"taxonomy":"post_tag","embeddable":true,"href":"http:\/\/unsa-korian.com\/index.php\/wp-json\/wp\/v2\/tags?post=1442"}],"curies":[{"name":"wp","href":"https:\/\/api.w.org\/{rel}","templated":true}]}}