{"id":1455,"date":"2019-01-18T20:21:36","date_gmt":"2019-01-18T19:21:36","guid":{"rendered":"http:\/\/unsa-korian.com\/?p=1455"},"modified":"2019-01-18T20:21:36","modified_gmt":"2019-01-18T19:21:36","slug":"korian-villa-dazon-ouverture-dune-enquete-pour-harcelement","status":"publish","type":"post","link":"http:\/\/unsa-korian.com\/index.php\/2019\/01\/18\/korian-villa-dazon-ouverture-dune-enquete-pour-harcelement\/","title":{"rendered":"Korian Villa d\u2019Azon : Ouverture d\u2019une enqu\u00eate pour harc\u00e8lement"},"content":{"rendered":"\n<p>Plus de 30 salari\u00e9s de l\u2019\u00e9tablissement situ\u00e9 \u00e0 St CLEMENT ont\nalert\u00e9 l\u2019UNSA Korian et les instances Si\u00e8ges et Directeurs sur leurs conditions\nde travail et plus pr\u00e9cis\u00e9ment sur des actes pouvant relever d\u2019actes de\nharc\u00e8lement.<\/p>\n\n\n\n<p>Face \u00e0 l\u2019ampleur ainsi qu\u2019\u00e0 la d\u00e9tresse de ces t\u00e9moignages, le CHSCT Si\u00e8ge et Directeurs &nbsp;a aussit\u00f4t saisi l\u2019employeur afin qu\u2019il satisfasse \u00e0 ses obligations li\u00e9es \u00e0 la s\u00e9curit\u00e9 de ses salari\u00e9s. Il a ainsi demand\u00e9 \u00e0 ce qu\u2019une enqu\u00eate CHSCT soit men\u00e9e conjointement avec des repr\u00e9sentants du personnel comme le pr\u00e9voit le Code du Travail.<\/p>\n\n\n\n<p>Compte tenu du nombre important de salari\u00e9s s\u2019\u00e9tant\nmanifest\u00e9, le CHSCT Si\u00e8ge et Directeurs a souhait\u00e9 que soient associ\u00e9s \u00e0 cette\nenqu\u00eates des repr\u00e9sentants UNSA et CFDT du CE EHPAD Nord.<\/p>\n\n\n\n<p>Une enqu\u00eate paritaire, compos\u00e9e de repr\u00e9sentants de la\nDirection ainsi que d\u2019\u00e9lus UNSA et CFDT a \u00e9t\u00e9 men\u00e9e afin que toute la lumi\u00e8re\nsoit faite sur ce malaise.<\/p>\n\n\n\n<p>Les salari\u00e9s ont ainsi pu s\u2019exprimer, sur la base du\nvolontariat, et se livrer sur ce malaise v\u00e9cu, pour une grande majorit\u00e9 d\u2019entre\neux, comme une souffrance au travail.<\/p>\n\n\n\n<p>Le CHSCT Si\u00e8ge et Directeurs, qui a demand\u00e9 la tenue de cette enqu\u00eate, attend d\u00e9sormais la restitution du rapport en r\u00e9union. <\/p>\n\n\n\n<p>Pour sa part, l\u2019UNSA Korian sera extr\u00eamement vigilant \u00e0 ce que toutes les mesures soient prises pour assurer la protection des salari\u00e9s.<\/p>\n\n\n\n<p style=\"text-align:left\">M\u00eame si des voix s\u2019\u00e9l\u00e8vent d\u00e9j\u00e0 en interne pour crier au scandale,\nnotre d\u00e9termination sur ce dossier sera \u00e0 la hauteur de la souffrance des\nsalari\u00e9s. Nous ne craignons ni les calomnies, ni les insultes et encore moins\nles pressions ou les appuis dont certains protagonistes pourraient se\npr\u00e9valoir. <\/p>\n","protected":false},"excerpt":{"rendered":"<p>Plus de 30 salari\u00e9s de l\u2019\u00e9tablissement situ\u00e9 \u00e0 St CLEMENT ont alert\u00e9 l\u2019UNSA Korian et les instances Si\u00e8ges et Directeurs sur leurs conditions de travail et plus pr\u00e9cis\u00e9ment sur des actes pouvant relever d\u2019actes de harc\u00e8lement. Face \u00e0 l\u2019ampleur ainsi qu\u2019\u00e0 la d\u00e9tresse de ces t\u00e9moignages, le CHSCT Si\u00e8ge et Directeurs &nbsp;a aussit\u00f4t saisi l\u2019employeur<\/p>\n<p><a class=\"more-link\" href=\"http:\/\/unsa-korian.com\/index.php\/2019\/01\/18\/korian-villa-dazon-ouverture-dune-enquete-pour-harcelement\/\">Read more &#8250;<\/a><\/p>\n","protected":false},"author":1,"featured_media":0,"comment_status":"open","ping_status":"open","sticky":false,"template":"","format":"standard","meta":{"_mi_skip_tracking":false},"categories":[1,3],"tags":[102,101],"_links":{"self":[{"href":"http:\/\/unsa-korian.com\/index.php\/wp-json\/wp\/v2\/posts\/1455"}],"collection":[{"href":"http:\/\/unsa-korian.com\/index.php\/wp-json\/wp\/v2\/posts"}],"about":[{"href":"http:\/\/unsa-korian.com\/index.php\/wp-json\/wp\/v2\/types\/post"}],"author":[{"embeddable":true,"href":"http:\/\/unsa-korian.com\/index.php\/wp-json\/wp\/v2\/users\/1"}],"replies":[{"embeddable":true,"href":"http:\/\/unsa-korian.com\/index.php\/wp-json\/wp\/v2\/comments?post=1455"}],"version-history":[{"count":5,"href":"http:\/\/unsa-korian.com\/index.php\/wp-json\/wp\/v2\/posts\/1455\/revisions"}],"predecessor-version":[{"id":1460,"href":"http:\/\/unsa-korian.com\/index.php\/wp-json\/wp\/v2\/posts\/1455\/revisions\/1460"}],"wp:attachment":[{"href":"http:\/\/unsa-korian.com\/index.php\/wp-json\/wp\/v2\/media?parent=1455"}],"wp:term":[{"taxonomy":"category","embeddable":true,"href":"http:\/\/unsa-korian.com\/index.php\/wp-json\/wp\/v2\/categories?post=1455"},{"taxonomy":"post_tag","embeddable":true,"href":"http:\/\/unsa-korian.com\/index.php\/wp-json\/wp\/v2\/tags?post=1455"}],"curies":[{"name":"wp","href":"https:\/\/api.w.org\/{rel}","templated":true}]}}