{"id":1522,"date":"2020-01-18T13:24:02","date_gmt":"2020-01-18T11:24:02","guid":{"rendered":"http:\/\/unsa-korian.com\/?p=1522"},"modified":"2020-01-19T10:16:58","modified_gmt":"2020-01-19T08:16:58","slug":"paye-de-janvier-les-salaries-veulent-des-reponses","status":"publish","type":"post","link":"http:\/\/unsa-korian.com\/index.php\/2020\/01\/18\/paye-de-janvier-les-salaries-veulent-des-reponses\/","title":{"rendered":"PAYE DE JANVIER : LES SALARIES VEULENT DES R\u00c9PONSES"},"content":{"rendered":"\n<p>Le changement de l\u2019outil \u00ab&nbsp;Paye&nbsp;\u00bb sur une partie du p\u00e9rim\u00e8tre (<strong>Ex-Medica<\/strong>) suscite de nombreuses interrogations mais aussi beaucoup de craintes.<\/p>\n\n\n\n<p>En effet, il est ind\u00e9niable que la situation est\nparticuli\u00e8rement tendue et que les \u00e9quipes en charge de g\u00e9rer les payes, aussi\nbien en \u00e9tablissements qu\u2019\u00e0 Massy, ne m\u00e9nagent pas leurs efforts. L\u2019UNSA KORIAN\ntient d\u2019ailleurs \u00e0 les remercier tout particuli\u00e8rement pour cet engagement sans\nfaille.<\/p>\n\n\n\n<p>Cette inqui\u00e9tude est due, dans un premier temps, \u00e0 la difficult\u00e9 pour les Secr\u00e9taires administratives, les Adjoints de Direction, les Directeurs-Adjoints ainsi que les Directeurs \u00e0 int\u00e9grer les cycles et les plannings dans le nouvel outil et dans un second temps \u00e0 des dysfonctionnements li\u00e9s au r\u00e9seau informatique. <\/p>\n\n\n\n<p>A ce d\u00e9sordre technique, la CGT se permet d\u2019ajouter le trouble et la confusion et cherche \u00e0 installer le chaos en colportant tout et n\u2019importe quoi sur le sujet&nbsp;: <\/p>\n\n\n\n<p><em><strong>\u00ab&nbsp;Les int\u00e9rimaires ne seront pas pay\u00e9s&nbsp;!&nbsp;\u00bb<\/strong><\/em> <\/p>\n\n\n\n<p style=\"text-align:left\">C\u2019est ce que nous pouvons entendre dans la bouche de la CGT et bien \u00e9videmment <strong>c\u2019est totalement FAUX !<\/strong> Rappelons \u00e0 ces derniers que les int\u00e9rimaires sont pay\u00e9s par leur agence d\u2019int\u00e9rim et pas par KORIAN.  <\/p>\n\n\n\n<p><em><strong>\u00ab&nbsp;Les virements de salaire vont \u00eatre d\u00e9cal\u00e9s&nbsp;!&nbsp;\u00bb<\/strong><\/em><strong> <\/strong><\/p>\n\n\n\n<p>Encore de la pure d\u00e9sinformation de la part de la CGT KORIAN ! En effet, nous avons interrog\u00e9 la Direction sur le sujet et le d\u00e9calage de la cl\u00f4ture de paye au 21 (au lieu du 19 habituellement) ne changera absolument pas les dates de virement. Ce d\u00e9lai permettra aux \u00e9quipes du Service Paye de MASSY et aux \u00e9tablissements de s\u00e9curiser les saisies et de leur donner un peu plus de confort pour les derni\u00e8res saisies. <\/p>\n\n\n\n<p class=\"has-medium-font-size\"><strong>Une seule question : Serons-nous pay\u00e9s ? <\/strong> <\/p>\n\n\n\n<p>A d\u00e9sormais 11 jours de la date des virements des salaires de\nJanvier, la grande question que les salari\u00e9s se posent est&nbsp;: \u00ab <em>Est-ce que l\u2019on sera pay\u00e9 dans les d\u00e9lais ?<\/em>\n\u00bb<\/p>\n\n\n\n<p>L\u2019UNSA KORIAN a pos\u00e9 la question \u00e0 la Direction et la r\u00e9ponse est sans ambigu\u00eft\u00e9 : \u00ab <strong><em>Tout le monde sera pay\u00e9&nbsp;!<\/em>&nbsp;<\/strong>\u00bb.<\/p>\n\n\n\n<p>Pour ce qui est de la connexion informatique, la Direction Informatique a stabilis\u00e9 le r\u00e9seau. En ce qui concerne la prise en compte des cycles, nous avons eu la confirmation que tous les \u00e9tablissements concern\u00e9s seront rappel\u00e9s <strong>un \u00e0 un <\/strong>et <strong>qu\u2019un accompagnement sp\u00e9cifique est mis en place<\/strong> pour que les donn\u00e9es soient bien saisies. Un plan de secours est \u00e9galement pr\u00e9vu dans le cas o\u00f9 un \u00e9tablissement ne pourrait pas effectuer sa saisie.<\/p>\n\n\n\n<p class=\"has-medium-font-size\"><strong>Anticipons la suite ! <\/strong><\/p>\n\n\n\n<p>Ce changement a g\u00e9n\u00e9r\u00e9 beaucoup d\u2019inqui\u00e9tude et de fatigue au\nsein des \u00e9quipes de paye en \u00e9tablissement. <\/p>\n\n\n\n<p>Aussi, L\u2019UNSA KORIAN a demand\u00e9 \u00e0 la Direction de renforcer <strong>l\u2019accompagnement pendant 6 mois et d\u2019ouvrir\nune Hotline du lundi au samedi inclus<\/strong>. La Direction a r\u00e9serv\u00e9 sa r\u00e9ponse et\nreviendra vers nous prochainement.<\/p>\n\n\n\n<p>Nous avons \u00e9galement demand\u00e9 \u00e0 la Direction de r\u00e9fl\u00e9chir \u00e0 <strong>une r\u00e9compense pour le personnel<\/strong> qui s\u2019implique grandement pour que les salaires soient vers\u00e9s. L\u00e0 aussi, la Direction a pr\u00e9cis\u00e9 qu\u2019elle r\u00e9serve sa r\u00e9ponse. <\/p>\n","protected":false},"excerpt":{"rendered":"<p>Le changement de l\u2019outil \u00ab&nbsp;Paye&nbsp;\u00bb sur une partie du p\u00e9rim\u00e8tre (Ex-Medica) suscite de nombreuses interrogations mais aussi beaucoup de craintes. En effet, il est ind\u00e9niable que la situation est particuli\u00e8rement tendue et que les \u00e9quipes en charge de g\u00e9rer les payes, aussi bien en \u00e9tablissements qu\u2019\u00e0 Massy, ne m\u00e9nagent pas leurs efforts. L\u2019UNSA KORIAN tient<\/p>\n<p><a class=\"more-link\" href=\"http:\/\/unsa-korian.com\/index.php\/2020\/01\/18\/paye-de-janvier-les-salaries-veulent-des-reponses\/\">Read more &#8250;<\/a><\/p>\n","protected":false},"author":1,"featured_media":0,"comment_status":"open","ping_status":"open","sticky":false,"template":"","format":"standard","meta":{"_mi_skip_tracking":false},"categories":[1],"tags":[],"_links":{"self":[{"href":"http:\/\/unsa-korian.com\/index.php\/wp-json\/wp\/v2\/posts\/1522"}],"collection":[{"href":"http:\/\/unsa-korian.com\/index.php\/wp-json\/wp\/v2\/posts"}],"about":[{"href":"http:\/\/unsa-korian.com\/index.php\/wp-json\/wp\/v2\/types\/post"}],"author":[{"embeddable":true,"href":"http:\/\/unsa-korian.com\/index.php\/wp-json\/wp\/v2\/users\/1"}],"replies":[{"embeddable":true,"href":"http:\/\/unsa-korian.com\/index.php\/wp-json\/wp\/v2\/comments?post=1522"}],"version-history":[{"count":6,"href":"http:\/\/unsa-korian.com\/index.php\/wp-json\/wp\/v2\/posts\/1522\/revisions"}],"predecessor-version":[{"id":1528,"href":"http:\/\/unsa-korian.com\/index.php\/wp-json\/wp\/v2\/posts\/1522\/revisions\/1528"}],"wp:attachment":[{"href":"http:\/\/unsa-korian.com\/index.php\/wp-json\/wp\/v2\/media?parent=1522"}],"wp:term":[{"taxonomy":"category","embeddable":true,"href":"http:\/\/unsa-korian.com\/index.php\/wp-json\/wp\/v2\/categories?post=1522"},{"taxonomy":"post_tag","embeddable":true,"href":"http:\/\/unsa-korian.com\/index.php\/wp-json\/wp\/v2\/tags?post=1522"}],"curies":[{"name":"wp","href":"https:\/\/api.w.org\/{rel}","templated":true}]}}