{"id":1531,"date":"2020-02-10T07:52:30","date_gmt":"2020-02-10T05:52:30","guid":{"rendered":"http:\/\/unsa-korian.com\/?p=1531"},"modified":"2020-02-10T07:52:30","modified_gmt":"2020-02-10T05:52:30","slug":"les-larmes-de-crocodile-de-la-cgt-korian","status":"publish","type":"post","link":"http:\/\/unsa-korian.com\/index.php\/2020\/02\/10\/les-larmes-de-crocodile-de-la-cgt-korian\/","title":{"rendered":"LES LARMES DE CROCODILE DE LA CGT KORIAN"},"content":{"rendered":"\n<p>Lors du CCE qui s\u2019est tenu le 19 septembre dernier, KORIAN a pr\u00e9sent\u00e9 la cession de 3 \u00e9tablissements situ\u00e9s en Ile de France, au profit d\u2019un petit groupe familial compos\u00e9 de 3 \u00e9tablissements avant rachat.<br>Les \u00e9lus des diff\u00e9rents syndicats (CFDT \u2013 FO- CGT) se sont tous prononc\u00e9s favorablement (Vote POUR) ou sans convictions affirm\u00e9e (Vote BLANC). Seul l\u2019UNSA KORIAN a \u00e9mis un avis n\u00e9gatif rappelant lors des d\u00e9bats que la vente d\u2019\u00e9tablissement sur la base de crit\u00e8res \u00e9conomiques reste un tr\u00e8s mauvais signal envoy\u00e9 aux salari\u00e9s du groupe et ne peut que g\u00e9n\u00e9rer de la d\u00e9fiance vis-\u00e0-vis du groupe.<\/p>\n\n\n\n<h4><strong>La CGT KORIAN se r\u00e9veille 5 mois apr\u00e8s\u2026<\/strong><\/h4>\n\n\n\n<p>Toutefois, plus de cinq mois apr\u00e8s, la CGT KORIAN \u00ab s\u2019insurge \u00bb, \u00ab hurle au scandale \u00bb contre la vente de ces trois \u00e9tablissements.<\/p>\n\n\n\n<p>Mais on peut se demander&nbsp;: <em>\u00ab&nbsp;Pourquoi ce long silence de 5 mois&nbsp;?<\/em> \u00bb En effet, d\u2019habitude \u00e0 la moindre occasion, on les entend vocif\u00e9rer, menacer de gr\u00e8ve et de d\u00e9braillage surtout en cas de vente d\u2019\u00e9tablissements.<\/p>\n\n\n\n<h4><strong>144 salari\u00e9s ne p\u00e8sent pas lourd face \u00e0 une D\u00e9l\u00e9gu\u00e9e Syndicale CGT<\/strong> <\/h4>\n\n\n\n<p>Ce qu\u2019oublie de dire la CGT KORIAN, c\u2019est qu\u2019il fallait avant tout g\u00e9rer avec la direction g\u00e9n\u00e9rale la r\u00e9cup\u00e9ration de la d\u00e9l\u00e9gu\u00e9e syndicale CGT qui \u00e9tait salari\u00e9e d\u2019un des \u00e9tablissements vendus\u2026\u2026<\/p>\n\n\n\n<p>Ah oui&nbsp;! \u00c7a ils ne l\u2019ont pas dit&nbsp;! La d\u00e9l\u00e9gu\u00e9e syndicale a \u00e9t\u00e9 r\u00e9int\u00e9gr\u00e9e chez KORIAN&nbsp;! C\u2019est la seule salari\u00e9e des trois \u00e9tablissements \u00e0 avoir b\u00e9n\u00e9fici\u00e9 de ce traitement de faveur. <\/p>\n\n\n\n<h4><strong>Schizophr\u00e9nie syndicale<\/strong><\/h4>\n\n\n\n<p>A les entendre tout au long de l&rsquo;ann\u00e9e, ils travaillent pour le Diable en personne mais l\u00e0, en fin de compte, il semblerait que la soupe ne soit pas si mauvaise  que \u00e7a puisque la D\u00e9l\u00e9gu\u00e9e Syndicale CGT KORIAN a pr\u00e9f\u00e9r\u00e9 rester chez KORIAN\u2026elle ! Schizophr\u00e9nie syndicale&#8230;..<\/p>\n\n\n\n<p>Une fois que l&rsquo;on a dit cela, on comprend beaucoup mieux ce mutisme pendant le CCE du 19 septembre 2019. <\/p>\n\n\n\n<p>En effet, m\u00eame le D\u00e9l\u00e9gu\u00e9 Syndical de la CGT KORIAN pourtant si prompt d\u2019habitude \u00e0 se prendre en photo en se mettant en sc\u00e8ne avec des banderoles devant les \u00e9tablissements ou le si\u00e8ge, a cette fois-ci brill\u00e9 par son absence. Il avait certainement mieux \u00e0 faire. Peut-\u00eatre r\u00e9gler les derniers d\u00e9tails de la r\u00e9int\u00e9gration de sa d\u00e9l\u00e9gu\u00e9e syndicale\u2026<\/p>\n\n\n\n<p>Salari\u00e9s Korian et adh\u00e9rents\n\u00e0 la CGT, soyez en s\u00fbr, votre cas ne vaudra rien s\u2019il faut sauver un de leur\n\u00e9lus\u2026 <\/p>\n\n\n\n<p>Un exemple de plus de la\nduplicit\u00e9 et de la capacit\u00e9 de manipulation de la CGT Korian.<\/p>\n","protected":false},"excerpt":{"rendered":"<p>Lors du CCE qui s\u2019est tenu le 19 septembre dernier, KORIAN a pr\u00e9sent\u00e9 la cession de 3 \u00e9tablissements situ\u00e9s en Ile de France, au profit d\u2019un petit groupe familial compos\u00e9 de 3 \u00e9tablissements avant rachat.Les \u00e9lus des diff\u00e9rents syndicats (CFDT \u2013 FO- CGT) se sont tous prononc\u00e9s favorablement (Vote POUR) ou sans convictions affirm\u00e9e (Vote<\/p>\n<p><a class=\"more-link\" href=\"http:\/\/unsa-korian.com\/index.php\/2020\/02\/10\/les-larmes-de-crocodile-de-la-cgt-korian\/\">Read more &#8250;<\/a><\/p>\n","protected":false},"author":1,"featured_media":0,"comment_status":"open","ping_status":"open","sticky":false,"template":"","format":"standard","meta":{"_mi_skip_tracking":false},"categories":[1],"tags":[],"_links":{"self":[{"href":"http:\/\/unsa-korian.com\/index.php\/wp-json\/wp\/v2\/posts\/1531"}],"collection":[{"href":"http:\/\/unsa-korian.com\/index.php\/wp-json\/wp\/v2\/posts"}],"about":[{"href":"http:\/\/unsa-korian.com\/index.php\/wp-json\/wp\/v2\/types\/post"}],"author":[{"embeddable":true,"href":"http:\/\/unsa-korian.com\/index.php\/wp-json\/wp\/v2\/users\/1"}],"replies":[{"embeddable":true,"href":"http:\/\/unsa-korian.com\/index.php\/wp-json\/wp\/v2\/comments?post=1531"}],"version-history":[{"count":7,"href":"http:\/\/unsa-korian.com\/index.php\/wp-json\/wp\/v2\/posts\/1531\/revisions"}],"predecessor-version":[{"id":1538,"href":"http:\/\/unsa-korian.com\/index.php\/wp-json\/wp\/v2\/posts\/1531\/revisions\/1538"}],"wp:attachment":[{"href":"http:\/\/unsa-korian.com\/index.php\/wp-json\/wp\/v2\/media?parent=1531"}],"wp:term":[{"taxonomy":"category","embeddable":true,"href":"http:\/\/unsa-korian.com\/index.php\/wp-json\/wp\/v2\/categories?post=1531"},{"taxonomy":"post_tag","embeddable":true,"href":"http:\/\/unsa-korian.com\/index.php\/wp-json\/wp\/v2\/tags?post=1531"}],"curies":[{"name":"wp","href":"https:\/\/api.w.org\/{rel}","templated":true}]}}