{"id":261,"date":"2015-12-17T08:39:55","date_gmt":"2015-12-17T07:39:55","guid":{"rendered":"http:\/\/unsa-korian.com\/?p=261"},"modified":"2015-12-17T08:42:47","modified_gmt":"2015-12-17T07:42:47","slug":"letablissement-korian-rive-de-selune-inaugure-sa-maison-des-familles","status":"publish","type":"post","link":"http:\/\/unsa-korian.com\/index.php\/2015\/12\/17\/letablissement-korian-rive-de-selune-inaugure-sa-maison-des-familles\/","title":{"rendered":"L&rsquo;\u00e9tablissement Korian  Rive de S\u00e9lune inaugure sa maison des familles"},"content":{"rendered":"<h2 class=\"big mts mbs\" data-role=\"chapo\">\u00ab\u00a0De nombreux \u00e9lus et professionnels de la maladie d&rsquo;Alzheimer se sont retrouv\u00e9s, mercredi 2 d\u00e9cembre, pour inaugurer la maison des familles de la maison de retraite m\u00e9dicalis\u00e9e.<\/h2>\n<p class=\"Texte\">La maison de retraite sp\u00e9cialis\u00e9e dans les soins aux personnes atteintes de la maladie d\u2019Alzheimer <a href=\"http:\/\/www.korian.fr\/maison-retraite\/korian-rive-de-selune\/\" target=\"_blank\">Korian Rive de S\u00e9lune<\/a> a inaugur\u00e9 son nouveau projet.<\/p>\n<p class=\"Texte\">Parmi les invit\u00e9s se trouvait le S\u00e9nateur Jean Bizet, qui fut \u00e0 la base de cette maison d\u2019accueil pour personnes d\u00e9pendantes.<\/p>\n<p class=\"Texte\">Cette maison des familles vise \u00e0 favoriser la poursuite du lien affectif entre le malade et ses proches, en permettant aux familles de retrouver des moments d\u2019\u00e9change et d\u2019intimit\u00e9, comme \u00e0 la maison. La particularit\u00e9 se trouve au niveau de la d\u00e9coration, qui fait remonter le temps aux ann\u00e9es 1960. <strong>\u00ab\u00a0<\/strong><em>C\u2019est un cadre qui favorise le souvenir et le bien-\u00eatre\u00a0<\/em><strong>\u00bb<\/strong>, a d\u00e9clar\u00e9 Catherine Lard\u00e9, Directrice de l\u2019\u00e9tablissement Korian Rive de S\u00e9lune.<\/p>\n<p class=\"Texte\">(source:http:\/\/www.lagazettedelamanche.fr\/2015\/12\/10\/alzheimer-korian-inaugure-sa-maison-des-familles\/)<\/p>\n","protected":false},"excerpt":{"rendered":"<p>\u00ab\u00a0De nombreux \u00e9lus et professionnels de la maladie d&rsquo;Alzheimer se sont retrouv\u00e9s, mercredi 2 d\u00e9cembre, pour inaugurer la maison des familles de la maison de retraite m\u00e9dicalis\u00e9e. La maison de retraite sp\u00e9cialis\u00e9e dans les soins aux personnes atteintes de la maladie d\u2019Alzheimer Korian Rive de S\u00e9lune a inaugur\u00e9 son nouveau projet. Parmi les invit\u00e9s se<\/p>\n<p><a class=\"more-link\" href=\"http:\/\/unsa-korian.com\/index.php\/2015\/12\/17\/letablissement-korian-rive-de-selune-inaugure-sa-maison-des-familles\/\">Read more &#8250;<\/a><\/p>\n","protected":false},"author":1,"featured_media":0,"comment_status":"open","ping_status":"open","sticky":false,"template":"","format":"standard","meta":{"_mi_skip_tracking":false},"categories":[4],"tags":[],"_links":{"self":[{"href":"http:\/\/unsa-korian.com\/index.php\/wp-json\/wp\/v2\/posts\/261"}],"collection":[{"href":"http:\/\/unsa-korian.com\/index.php\/wp-json\/wp\/v2\/posts"}],"about":[{"href":"http:\/\/unsa-korian.com\/index.php\/wp-json\/wp\/v2\/types\/post"}],"author":[{"embeddable":true,"href":"http:\/\/unsa-korian.com\/index.php\/wp-json\/wp\/v2\/users\/1"}],"replies":[{"embeddable":true,"href":"http:\/\/unsa-korian.com\/index.php\/wp-json\/wp\/v2\/comments?post=261"}],"version-history":[{"count":7,"href":"http:\/\/unsa-korian.com\/index.php\/wp-json\/wp\/v2\/posts\/261\/revisions"}],"predecessor-version":[{"id":280,"href":"http:\/\/unsa-korian.com\/index.php\/wp-json\/wp\/v2\/posts\/261\/revisions\/280"}],"wp:attachment":[{"href":"http:\/\/unsa-korian.com\/index.php\/wp-json\/wp\/v2\/media?parent=261"}],"wp:term":[{"taxonomy":"category","embeddable":true,"href":"http:\/\/unsa-korian.com\/index.php\/wp-json\/wp\/v2\/categories?post=261"},{"taxonomy":"post_tag","embeddable":true,"href":"http:\/\/unsa-korian.com\/index.php\/wp-json\/wp\/v2\/tags?post=261"}],"curies":[{"name":"wp","href":"https:\/\/api.w.org\/{rel}","templated":true}]}}