{"id":36,"date":"2015-04-20T09:12:51","date_gmt":"2015-04-20T08:12:51","guid":{"rendered":"http:\/\/unsa-korian.com\/?p=36"},"modified":"2015-11-18T17:26:30","modified_gmt":"2015-11-18T16:26:30","slug":"la-fin-de-la-prime-de-stabilite-dans-la-sa-medica-franceou-pas","status":"publish","type":"post","link":"http:\/\/unsa-korian.com\/index.php\/2015\/04\/20\/la-fin-de-la-prime-de-stabilite-dans-la-sa-medica-franceou-pas\/","title":{"rendered":"La fin de la prime de stabilit\u00e9 dans la SA Medica France&#8230; ou pas"},"content":{"rendered":"<p>C\u2019est la grande rumeur\u00a0\u00e0 la mode en ce moment&#8230; : \u00ab On va nous supprimer la prime de stabilit\u00e9\u00a0!\u00a0\u00bb.<\/p>\n<p><a href=\"http:\/\/unsa-korian.com\/wp-content\/uploads\/2015\/11\/prime-Medica-France.jpg\"><img decoding=\"async\" loading=\"lazy\" class=\"alignnone wp-image-37 size-full\" src=\"http:\/\/unsa-korian.com\/wp-content\/uploads\/2015\/11\/prime-Medica-France.jpg\" alt=\"prime Medica France\" width=\"610\" height=\"320\" srcset=\"http:\/\/unsa-korian.com\/wp-content\/uploads\/2015\/11\/prime-Medica-France.jpg 610w, http:\/\/unsa-korian.com\/wp-content\/uploads\/2015\/11\/prime-Medica-France-300x157.jpg 300w\" sizes=\"(max-width: 610px) 100vw, 610px\" \/><\/a><\/p>\n<p>En marge du CE extraordinaire de la SA Medica France qui s\u2019est tenu le 3 avril 2015 et en\u00a0pr\u00e9sence des D\u00e9l\u00e9gu\u00e9s Syndicaux de la SA M\u00e9dica France, nous avons interpell\u00e9 la\u00a0Direction des Ressources Humaines du groupe Korian sur ce sujet.<\/p>\n<p>La r\u00e9ponse a \u00e9t\u00e9 claire et pr\u00e9cise\u00a0: La prime de stabilit\u00e9 sur la <strong>SA Medica France<\/strong> est et\u00a0sera maintenue dans les m\u00eames conditions.<\/p>\n","protected":false},"excerpt":{"rendered":"<p>C\u2019est la grande rumeur\u00a0\u00e0 la mode en ce moment&#8230; : \u00ab On va nous supprimer la prime de stabilit\u00e9\u00a0!\u00a0\u00bb. En marge du CE extraordinaire de la SA Medica France qui s\u2019est tenu le 3 avril 2015 et en\u00a0pr\u00e9sence des D\u00e9l\u00e9gu\u00e9s Syndicaux de la SA M\u00e9dica France, nous avons interpell\u00e9 la\u00a0Direction des Ressources Humaines du groupe<\/p>\n<p><a class=\"more-link\" href=\"http:\/\/unsa-korian.com\/index.php\/2015\/04\/20\/la-fin-de-la-prime-de-stabilite-dans-la-sa-medica-franceou-pas\/\">Read more &#8250;<\/a><\/p>\n","protected":false},"author":1,"featured_media":0,"comment_status":"open","ping_status":"open","sticky":false,"template":"","format":"standard","meta":{"_mi_skip_tracking":false},"categories":[3],"tags":[7,8,9,10,12],"_links":{"self":[{"href":"http:\/\/unsa-korian.com\/index.php\/wp-json\/wp\/v2\/posts\/36"}],"collection":[{"href":"http:\/\/unsa-korian.com\/index.php\/wp-json\/wp\/v2\/posts"}],"about":[{"href":"http:\/\/unsa-korian.com\/index.php\/wp-json\/wp\/v2\/types\/post"}],"author":[{"embeddable":true,"href":"http:\/\/unsa-korian.com\/index.php\/wp-json\/wp\/v2\/users\/1"}],"replies":[{"embeddable":true,"href":"http:\/\/unsa-korian.com\/index.php\/wp-json\/wp\/v2\/comments?post=36"}],"version-history":[{"count":3,"href":"http:\/\/unsa-korian.com\/index.php\/wp-json\/wp\/v2\/posts\/36\/revisions"}],"predecessor-version":[{"id":43,"href":"http:\/\/unsa-korian.com\/index.php\/wp-json\/wp\/v2\/posts\/36\/revisions\/43"}],"wp:attachment":[{"href":"http:\/\/unsa-korian.com\/index.php\/wp-json\/wp\/v2\/media?parent=36"}],"wp:term":[{"taxonomy":"category","embeddable":true,"href":"http:\/\/unsa-korian.com\/index.php\/wp-json\/wp\/v2\/categories?post=36"},{"taxonomy":"post_tag","embeddable":true,"href":"http:\/\/unsa-korian.com\/index.php\/wp-json\/wp\/v2\/tags?post=36"}],"curies":[{"name":"wp","href":"https:\/\/api.w.org\/{rel}","templated":true}]}}